{"id":88368,"date":"2024-04-11T14:47:34","date_gmt":"2024-04-11T12:47:34","guid":{"rendered":"https:\/\/www.akeron.com\/tarko\/?p=88368"},"modified":"2024-07-09T17:41:31","modified_gmt":"2024-07-09T15:41:31","slug":"la-digitalizzazione-nel-settore-aec-il-punto-di-vista-di-manuel-vellutini-co-ceo-di-akeron","status":"publish","type":"post","link":"https:\/\/www.akeron.com\/tarko\/la-digitalizzazione-nel-settore-aec-il-punto-di-vista-di-manuel-vellutini-co-ceo-di-akeron\/","title":{"rendered":"La digitalizzazione nel settore AEC: il punto di vista di Manuel Vellutini, co-CEO di Akeron.\u00a0\u00a0"},"content":{"rendered":"\t\t<div data-elementor-type=\"wp-post\" data-elementor-id=\"88368\" class=\"elementor elementor-88368\" data-elementor-post-type=\"post\">\n\t\t\t\t\t\t\t\t\t<section class=\"elementor-section elementor-top-section elementor-element elementor-element-4ee74e7 elementor-section-boxed elementor-section-height-default elementor-section-height-default\" data-id=\"4ee74e7\" data-element_type=\"section\">\n\t\t\t\t\t\t<div class=\"elementor-container elementor-column-gap-default\">\n\t\t\t\t\t<div class=\"elementor-column elementor-col-100 elementor-top-column elementor-element elementor-element-9605965\" data-id=\"9605965\" data-element_type=\"column\">\n\t\t\t<div class=\"elementor-widget-wrap elementor-element-populated\">\n\t\t\t\t\t\t\t\t<div class=\"elementor-element elementor-element-054edb4 elementor-widget elementor-widget-heading\" data-id=\"054edb4\" data-element_type=\"widget\" data-widget_type=\"heading.default\">\n\t\t\t\t<div class=\"elementor-widget-container\">\n\t\t\t<style>\/*! elementor - v3.15.0 - 20-08-2023 *\/\n.elementor-heading-title{padding:0;margin:0;line-height:1}.elementor-widget-heading .elementor-heading-title[class*=elementor-size-]>a{color:inherit;font-size:inherit;line-height:inherit}.elementor-widget-heading .elementor-heading-title.elementor-size-small{font-size:15px}.elementor-widget-heading .elementor-heading-title.elementor-size-medium{font-size:19px}.elementor-widget-heading .elementor-heading-title.elementor-size-large{font-size:29px}.elementor-widget-heading .elementor-heading-title.elementor-size-xl{font-size:39px}.elementor-widget-heading .elementor-heading-title.elementor-size-xxl{font-size:59px}<\/style><h4 class=\"elementor-heading-title elementor-size-default\">Pubblicazione sul 7\u00b0 REPORT OICE SULLA DIGITALIZZAZIONE E SULLE GARE BIM 2023 <\/h4>\t\t<\/div>\n\t\t\t\t<\/div>\n\t\t\t\t<div class=\"elementor-element elementor-element-daefff0 elementor-widget elementor-widget-spacer\" data-id=\"daefff0\" data-element_type=\"widget\" data-widget_type=\"spacer.default\">\n\t\t\t\t<div class=\"elementor-widget-container\">\n\t\t\t<style>\/*! elementor - v3.15.0 - 20-08-2023 *\/\n.elementor-column .elementor-spacer-inner{height:var(--spacer-size)}.e-con{--container-widget-width:100%}.e-con-inner>.elementor-widget-spacer,.e-con>.elementor-widget-spacer{width:var(--container-widget-width,var(--spacer-size));--align-self:var(--container-widget-align-self,initial);--flex-shrink:0}.e-con-inner>.elementor-widget-spacer>.elementor-widget-container,.e-con-inner>.elementor-widget-spacer>.elementor-widget-container>.elementor-spacer,.e-con>.elementor-widget-spacer>.elementor-widget-container,.e-con>.elementor-widget-spacer>.elementor-widget-container>.elementor-spacer{height:100%}.e-con-inner>.elementor-widget-spacer>.elementor-widget-container>.elementor-spacer>.elementor-spacer-inner,.e-con>.elementor-widget-spacer>.elementor-widget-container>.elementor-spacer>.elementor-spacer-inner{height:var(--container-widget-height,var(--spacer-size))}<\/style>\t\t<div class=\"elementor-spacer\">\n\t\t\t<div class=\"elementor-spacer-inner\"><\/div>\n\t\t<\/div>\n\t\t\t\t<\/div>\n\t\t\t\t<\/div>\n\t\t\t\t<div class=\"elementor-element elementor-element-471fc63 elementor-widget elementor-widget-text-editor\" data-id=\"471fc63\" data-element_type=\"widget\" data-widget_type=\"text-editor.default\">\n\t\t\t\t<div class=\"elementor-widget-container\">\n\t\t\t<style>\/*! elementor - v3.15.0 - 20-08-2023 *\/\n.elementor-widget-text-editor.elementor-drop-cap-view-stacked .elementor-drop-cap{background-color:#69727d;color:#fff}.elementor-widget-text-editor.elementor-drop-cap-view-framed .elementor-drop-cap{color:#69727d;border:3px solid;background-color:transparent}.elementor-widget-text-editor:not(.elementor-drop-cap-view-default) .elementor-drop-cap{margin-top:8px}.elementor-widget-text-editor:not(.elementor-drop-cap-view-default) .elementor-drop-cap-letter{width:1em;height:1em}.elementor-widget-text-editor .elementor-drop-cap{float:left;text-align:center;line-height:1;font-size:50px}.elementor-widget-text-editor .elementor-drop-cap-letter{display:inline-block}<\/style>\t\t\t\t<p><span data-contrast=\"auto\">L\u2019OICE \u00e8 l\u2019Associazione nazionale, aderente a Confindustria, che rappresenta le organizzazioni italiane di ingegneria, di architettura e di consulenza tecnico-economica. L\u2019associazione vuole essere un punto di riferimento e, soprattutto, di supporto a tutto il settore con la condivisione delle best-practice e la definizione e condivisione di strumenti che possano promuovere il processo di digitalizzazione.<\/span><span data-ccp-props=\"{&quot;201341983&quot;:0,&quot;335559739&quot;:160,&quot;335559740&quot;:259}\">\u00a0<\/span><\/p>\t\t\t\t\t\t<\/div>\n\t\t\t\t<\/div>\n\t\t\t\t<div class=\"elementor-element elementor-element-3b6c3f0 elementor-widget elementor-widget-text-editor\" data-id=\"3b6c3f0\" data-element_type=\"widget\" data-widget_type=\"text-editor.default\">\n\t\t\t\t<div class=\"elementor-widget-container\">\n\t\t\t\t\t\t\t<p><span data-contrast=\"auto\">Akeron dal 2023 \u00e8<\/span><b><span data-contrast=\"auto\">\u00a0socio aggregato di OICE<\/span><\/b><span data-contrast=\"auto\">. La nostra mission all\u2019interno dell\u2019associazione \u00e8 promuovere la cultura della <\/span><b><span data-contrast=\"auto\">profittabilit\u00e0 nella gestione di progetti e commesse<\/span><\/b><span data-contrast=\"auto\"> in aziende di architettura e ingegneria. Ci impegniamo a fornire risorse, conoscenze e tecnologia per aiutare le aziende del settore a ottimizzare la loro redditivit\u00e0, garantendo il successo a lungo termine e lo sviluppo sostenibile.<\/span><span data-ccp-props=\"{&quot;201341983&quot;:0,&quot;335559739&quot;:160,&quot;335559740&quot;:259}\">\u00a0<\/span><\/p><p><span data-contrast=\"auto\">Nell\u2019occasione della pubblicazione del <\/span><b><span data-contrast=\"auto\">\u201c7\u00b0 Report Oice sulla Digitalizzazione e sulle Gare BIM 2023\u201d<\/span><\/b><span data-contrast=\"auto\"> Manuel Vellutini, co-CEO di Akeron \u00e8 stato invitato a rispondere ad alcuni importanti quesiti riguardanti il processo di digitalizzazione del settore AEC.<\/span><span data-ccp-props=\"{&quot;201341983&quot;:0,&quot;335559739&quot;:160,&quot;335559740&quot;:259}\">\u00a0<\/span><\/p>\t\t\t\t\t\t<\/div>\n\t\t\t\t<\/div>\n\t\t\t\t<div class=\"elementor-element elementor-element-72f3239 elementor-widget elementor-widget-text-editor\" data-id=\"72f3239\" data-element_type=\"widget\" data-widget_type=\"text-editor.default\">\n\t\t\t\t<div class=\"elementor-widget-container\">\n\t\t\t\t\t\t\t<p><b><span data-contrast=\"auto\">Qual \u00e8 il suo giudizio sulla maturit\u00e0 del settore con riferimento alla digitalizzazione?<\/span><\/b><span data-ccp-props=\"{&quot;201341983&quot;:0,&quot;335559739&quot;:160,&quot;335559740&quot;:259}\">\u00a0<\/span><\/p><p><span data-contrast=\"auto\">Per un&#8217;azienda operante nel settore AEC, la maturit\u00e0 digitale significa acquisire la capacit\u00e0 di integrare completamente le tecnologie digitali lungo l&#8217;intero ciclo di vita delle commesse, dalla pianificazione alla consegna. Ci\u00f2 implica l&#8217;adozione di strumenti e risorse innovative per potenziare la collaborazione, la presa di decisioni e l&#8217;efficienza del progetto, oltre a soddisfare le crescenti aspettative di clienti e stakeholder.<\/span><span data-ccp-props=\"{&quot;134233117&quot;:true,&quot;134233118&quot;:true,&quot;201341983&quot;:0,&quot;335559740&quot;:240}\">\u00a0<\/span><\/p><p><span data-contrast=\"auto\">La rapida crescita determinata dai contributi alla transizione ecologica e dal PNRR nel settore ha generato la necessit\u00e0 di affrontare nuove complessit\u00e0, come il rafforzamento delle catene di fornitura, la garanzia di sicurezza e qualit\u00e0 e il miglior controllo sulle performance e marginalit\u00e0. Fattori che hanno consolidato la consapevolezza che \u00e8 <\/span><b><span data-contrast=\"auto\">essenziale abbandonare tecnologie e strumenti obsoleti a favore di un approccio digitale basato su soluzioni integrate<\/span><\/b><span data-contrast=\"auto\">.<\/span><span data-ccp-props=\"{&quot;134233117&quot;:true,&quot;134233118&quot;:true,&quot;201341983&quot;:0,&quot;335559740&quot;:240}\">\u00a0<\/span><\/p><p><span data-contrast=\"auto\">Un recente studio condotto da <a href=\"https:\/\/www.akeron.com\/tarko\/library\/linnovazione-digitale-nella-filiera-architecture-engineering-construction-un-confronto-con-i-protagonisti-del-settore\/\" target=\"_blank\" rel=\"noopener\">Akeron in collaborazione con l&#8217;Osservatorio Digital Innovation nelle PMI del Politecnico di Milano<\/a> ha evidenziato che parallelamente a questa consapevolezza, nel settore persiste una <\/span><b><span data-contrast=\"auto\">resistenza al cambiamento<\/span><\/b><span data-contrast=\"auto\">, in parte a causa della natura delle attivit\u00e0 svolte e, in parte, a causa della <\/span><b><span data-contrast=\"auto\">mancanza di una cultura condivisa<\/span><\/b><span data-contrast=\"auto\"> che consideri la digitalizzazione come un &#8220;fenomeno&#8221; trasversale con implicazioni positive non solo sull&#8217;efficienza delle singole operazioni, ma sull&#8217;efficienza dell&#8217;intero modello di business.<\/span>\u00a0<br \/><span data-contrast=\"auto\">In particolare, si riscontra un <\/span><b><span data-contrast=\"auto\">approccio spesso basato su silos di sistemi informativi<\/span><\/b><span data-contrast=\"auto\"> che duplicano le informazioni e non consentono una gestione interconnessa dei processi in modalit\u00e0 end to end. Inefficienza, innalzamento dei costi e ridondanza dei dati costituiscono la conseguenza diretta di una simile impostazione. L\u2019innovazione \u00e8 adottare un sistema tecnologicamente avanzato, ma soprattutto unificato che gestisca i processi ed i dati in un\u2019unica applicazione.<\/span><span data-ccp-props=\"{&quot;134233117&quot;:true,&quot;134233118&quot;:true,&quot;201341983&quot;:0,&quot;335559740&quot;:240}\">\u00a0<\/span><\/p>\t\t\t\t\t\t<\/div>\n\t\t\t\t<\/div>\n\t\t\t\t<div class=\"elementor-element elementor-element-33a354b elementor-widget elementor-widget-text-editor\" data-id=\"33a354b\" data-element_type=\"widget\" data-widget_type=\"text-editor.default\">\n\t\t\t\t<div class=\"elementor-widget-container\">\n\t\t\t\t\t\t\t<p><b><span data-contrast=\"auto\">Quali sono le principali novit\u00e0\/prossime sfide che si intravedono nello sviluppo della digitalizzazione nel settore e quanto sar\u00e0 importante?<\/span><\/b><span data-ccp-props=\"{&quot;201341983&quot;:0,&quot;335559739&quot;:160,&quot;335559740&quot;:259}\">\u00a0<\/span><\/p><p><span data-contrast=\"auto\">A mio avviso, le principali sfide nello sviluppo della digitalizzazione sono la creazione di una <\/span><b><span data-contrast=\"auto\">cultura digitale<\/span><\/b><span data-contrast=\"auto\">, il superamento delle resistenze da parte delle risorse umane e la <\/span><b><span data-contrast=\"auto\">valorizzazione dei dati come patrimonio di conoscenza e strumento per prendere decisioni tempestive.<\/span><\/b><span data-ccp-props=\"{&quot;134233117&quot;:true,&quot;134233118&quot;:true,&quot;201341983&quot;:0,&quot;335559740&quot;:240}\">\u00a0<\/span><\/p><p><span data-contrast=\"auto\">Per avviare un autentico cambiamento culturale a livello organizzativo, \u00e8 essenziale, innanzitutto, promuovere la comprensione delle tecnologie digitali e dei loro potenziali benefici. \u00c8 fondamentale che le risorse umane ne percepiscano il valore, ad esempio, attraverso la consapevolezza di come i dati, se correttamente registrati e gestiti, possano trasformarsi in conoscenza utile per i processi aziendali.<\/span><span data-ccp-props=\"{&quot;134233117&quot;:true,&quot;134233118&quot;:true,&quot;201341983&quot;:0,&quot;335559740&quot;:240}\">\u00a0<\/span><\/p><p><span data-contrast=\"auto\">I dati costituiscono un patrimonio di conoscenza per le imprese, con un valore intrinseco che si manifesta quando diventano uno strumento di supporto per il decisore, sia per decisioni a breve che a lungo termine. Pertanto, \u00e8 cruciale rendere efficienti e governabili i processi di selezione delle fonti, gestione e condivisione dei dati, garantendo un supporto alle decisioni aziendali sempre pi\u00f9 efficace e tempestivo. In questo contesto, il ruolo delle software house diventa fondamentale, non solo come fornitori di soluzioni, ma anche come partner di innovazione.<\/span><span data-ccp-props=\"{&quot;134233117&quot;:true,&quot;134233118&quot;:true,&quot;201341983&quot;:0,&quot;335559740&quot;:240}\">\u00a0<\/span><\/p><p><b><span data-contrast=\"auto\">La digitalizzazione non \u00e8 solo sinonimo di semplificazione. \u00c8 una trasformazione che migliora la capacit\u00e0 di azione delle risorse, incorporando anche l\u2019intelligenza artificiale per potenziare le capacit\u00e0 umane.<\/span><\/b><span data-contrast=\"auto\"> \u00c8 una maggiore collaborazione tra team, perch\u00e9 le informazioni siano accessibili in qualsiasi momento e luogo. Oggi immagino un futuro lavorativo permeato da una digitalizzazione intelligente, dove i dati non sono solo informazioni, ma sono i mattoni su cui costruire una gestione aziendale pi\u00f9 efficiente ed empatica, alimentata dalla potenza della tecnologia e dalla forza delle persone.<\/span><span data-ccp-props=\"{&quot;201341983&quot;:0,&quot;335559685&quot;:-20,&quot;335559737&quot;:-20,&quot;335559739&quot;:160,&quot;335559740&quot;:259}\">\u00a0<\/span><\/p>\t\t\t\t\t\t<\/div>\n\t\t\t\t<\/div>\n\t\t\t\t<div class=\"elementor-element elementor-element-4f8358e elementor-widget elementor-widget-text-editor\" data-id=\"4f8358e\" data-element_type=\"widget\" data-widget_type=\"text-editor.default\">\n\t\t\t\t<div class=\"elementor-widget-container\">\n\t\t\t\t\t\t\t<p><b><span data-contrast=\"auto\">Quali sono i punti di forza\/debolezza del settore nell\u2019implementazione dei processi di digitalizzazione?<\/span><\/b><span data-ccp-props=\"{&quot;201341983&quot;:0,&quot;335559739&quot;:160,&quot;335559740&quot;:259}\">\u00a0<\/span><\/p><p><span data-contrast=\"none\">La trasformazione digitale rappresenta, senza dubbio, un&#8217;opportunit\u00e0 estremamente rilevante e positiva per le imprese del settore AEC. Come sottolineato da George Westerman, docente presso il Center for Digital Economy Studies del MIT, &#8220;Quando si parla di trasformazione digitale, il concetto chiave \u00e8 la trasformazione stessa. La principale ragione di un possibile insuccesso risiede nella difficolt\u00e0 nel <\/span><b><span data-contrast=\"none\">modificare la propria mentalit\u00e0<\/span><\/b><span data-contrast=\"none\">, mantenendo comportamenti che non supportano il cambiamento.&#8221;<\/span>\u00a0<br \/><span data-contrast=\"none\">Le soluzioni digitali, rendendo le informazioni disponibili \u201c<\/span><b><span data-contrast=\"none\">anytime anywhere<\/span><\/b><span data-contrast=\"none\">\u201d grazie alla diffusione delle tecnologie mobile, possono efficacemente facilitare la collaborazione e la comunicazione all&#8217;interno della filiera. La digitalizzazione, insieme a <\/span><b><span data-contrast=\"none\">un aumento dell&#8217;efficienza, pu\u00f2 contribuire al recupero di competitivit\u00e0 e attrattivit\u00e0<\/span><\/b><span data-contrast=\"none\"> per le imprese del settore, generando un circolo virtuoso. Una maggiore adozione di tali strumenti contribuir\u00e0 ad elevare la produttivit\u00e0 e a monitorare pi\u00f9 efficacemente lo stato di avanzamento dei lavori, anche in termini di marginalit\u00e0 associata.<\/span><span data-ccp-props=\"{&quot;201341983&quot;:0,&quot;335559739&quot;:160,&quot;335559740&quot;:259}\">\u00a0<\/span><\/p><p><span data-contrast=\"none\">L&#8217;implementazione di un sistema unificato grazie all\u2019introduzione di una miglior fluidit\u00e0 e un miglior controllo diventa fondamentale per affrontare l&#8217;aumento dei costi, ristabilire i margini e promuovere una gestione pi\u00f9 efficiente delle operazioni aziendali.<\/span><span data-ccp-props=\"{&quot;201341983&quot;:0,&quot;335559739&quot;:160,&quot;335559740&quot;:259}\">\u00a0<\/span><\/p><p><span data-contrast=\"none\">Il potenziamento delle catene di fornitura e della collaborazione tra i soggetti coinvolti garantir\u00e0 una crescente sicurezza e qualit\u00e0.\u00a0<\/span><span data-ccp-props=\"{&quot;201341983&quot;:0,&quot;335559739&quot;:160,&quot;335559740&quot;:259}\">\u00a0<\/span><\/p><p><span data-contrast=\"none\">Pur riconoscendo i progressi significativi nel settore AEC in termini di digitalizzazione, \u00e8 fondamentale affrontare le sfide in modo proattivo. L&#8217;innovazione continua, la formazione del personale e la collaborazione tra le aziende del settore e i fornitori tecnologici sono i fattori decisivi per massimizzare i benefici della digitalizzazione nel lungo termine.<\/span><span data-ccp-props=\"{&quot;201341983&quot;:0,&quot;335559739&quot;:160,&quot;335559740&quot;:259}\">\u00a0<\/span><\/p>\t\t\t\t\t\t<\/div>\n\t\t\t\t<\/div>\n\t\t\t\t<div class=\"elementor-element elementor-element-05059b9 elementor-widget elementor-widget-spacer\" data-id=\"05059b9\" data-element_type=\"widget\" data-widget_type=\"spacer.default\">\n\t\t\t\t<div class=\"elementor-widget-container\">\n\t\t\t\t\t<div class=\"elementor-spacer\">\n\t\t\t<div class=\"elementor-spacer-inner\"><\/div>\n\t\t<\/div>\n\t\t\t\t<\/div>\n\t\t\t\t<\/div>\n\t\t\t\t<div class=\"elementor-element elementor-element-3ce6920 elementor-widget elementor-widget-heading\" data-id=\"3ce6920\" data-element_type=\"widget\" data-widget_type=\"heading.default\">\n\t\t\t\t<div class=\"elementor-widget-container\">\n\t\t\t<h4 class=\"elementor-heading-title elementor-size-default\">Vuoi saperne di pi\u00f9? <\/h4>\t\t<\/div>\n\t\t\t\t<\/div>\n\t\t\t\t<div class=\"elementor-element elementor-element-e727eba elementor-widget elementor-widget-button\" data-id=\"e727eba\" data-element_type=\"widget\" data-widget_type=\"button.default\">\n\t\t\t\t<div class=\"elementor-widget-container\">\n\t\t\t\t\t<div class=\"elementor-button-wrapper\">\n\t\t\t<a class=\"elementor-button elementor-button-link elementor-size-xl\" href=\"https:\/\/www.oice.it\/849794\/2024-oice-7-rapporto-sulla-digitalizzazione-e-gare-bim\" target=\"_blank\">\n\t\t\t\t\t\t<span class=\"elementor-button-content-wrapper\">\n\t\t\t\t\t\t<span class=\"elementor-button-text\">Qui il contributo integrale<\/span>\n\t\t<\/span>\n\t\t\t\t\t<\/a>\n\t\t<\/div>\n\t\t\t\t<\/div>\n\t\t\t\t<\/div>\n\t\t\t\t\t<\/div>\n\t\t<\/div>\n\t\t\t\t\t\t\t<\/div>\n\t\t<\/section>\n\t\t\t\t\t\t\t<\/div>\n\t\t","protected":false},"excerpt":{"rendered":"<p>Pubblicazione sul 7\u00b0 REPORT OICE SULLA DIGITALIZZAZIONE E SULLE GARE BIM 2023 L\u2019OICE \u00e8 l\u2019Associazione nazionale, aderente a Confindustria, che rappresenta le organizzazioni italiane di ingegneria, di architettura e di consulenza tecnico-economica. L\u2019associazione vuole essere un punto di riferimento e, soprattutto, di supporto a tutto il settore con la condivisione delle best-practice e la definizione [&hellip;]<\/p>\n","protected":false},"author":6,"featured_media":88373,"comment_status":"open","ping_status":"open","sticky":false,"template":"","format":"standard","meta":{"content-type":"","inline_featured_image":false,"footnotes":""},"categories":[124,1],"tags":[88],"post_folder":[],"acf":[],"yoast_head":"<!-- This site is optimized with the Yoast SEO plugin v22.1 - https:\/\/yoast.com\/wordpress\/plugins\/seo\/ -->\n<title>La digitalizzazione nel settore AEC: il punto di vista di Manuel Vellutini, co-CEO di Akeron.\u00a0\u00a0 - Tarko Software Platform<\/title>\n<meta name=\"robots\" content=\"index, follow, max-snippet:-1, max-image-preview:large, max-video-preview:-1\" \/>\n<link rel=\"canonical\" href=\"https:\/\/www.akeron.com\/tarko\/la-digitalizzazione-nel-settore-aec-il-punto-di-vista-di-manuel-vellutini-co-ceo-di-akeron\/\" \/>\n<meta property=\"og:locale\" content=\"it_IT\" \/>\n<meta property=\"og:type\" content=\"article\" \/>\n<meta property=\"og:title\" content=\"La digitalizzazione nel settore AEC: il punto di vista di Manuel Vellutini, co-CEO di Akeron.\u00a0\u00a0 - Tarko Software Platform\" \/>\n<meta property=\"og:description\" content=\"Pubblicazione sul 7\u00b0 REPORT OICE SULLA DIGITALIZZAZIONE E SULLE GARE BIM 2023 L\u2019OICE \u00e8 l\u2019Associazione nazionale, aderente a Confindustria, che rappresenta le organizzazioni italiane di ingegneria, di architettura e di consulenza tecnico-economica. L\u2019associazione vuole essere un punto di riferimento e, soprattutto, di supporto a tutto il settore con la condivisione delle best-practice e la definizione [&hellip;]\" \/>\n<meta property=\"og:url\" content=\"https:\/\/www.akeron.com\/tarko\/la-digitalizzazione-nel-settore-aec-il-punto-di-vista-di-manuel-vellutini-co-ceo-di-akeron\/\" \/>\n<meta property=\"og:site_name\" content=\"Tarko Software Platform\" \/>\n<meta property=\"article:published_time\" content=\"2024-04-11T12:47:34+00:00\" \/>\n<meta property=\"article:modified_time\" content=\"2024-07-09T15:41:31+00:00\" \/>\n<meta property=\"og:image\" content=\"https:\/\/www.akeron.com\/tarko\/wp-content\/uploads\/sites\/3\/2024\/04\/top_banner_Report_oice.png\" \/>\n\t<meta property=\"og:image:width\" content=\"1280\" \/>\n\t<meta property=\"og:image:height\" content=\"720\" \/>\n\t<meta property=\"og:image:type\" content=\"image\/png\" \/>\n<meta name=\"author\" content=\"asiaravanelli\" \/>\n<meta name=\"twitter:card\" content=\"summary_large_image\" \/>\n<meta name=\"twitter:label1\" content=\"Scritto da\" \/>\n\t<meta name=\"twitter:data1\" content=\"asiaravanelli\" \/>\n\t<meta name=\"twitter:label2\" content=\"Tempo di lettura stimato\" \/>\n\t<meta name=\"twitter:data2\" content=\"6 minuti\" \/>\n<script type=\"application\/ld+json\" class=\"yoast-schema-graph\">{\"@context\":\"https:\/\/schema.org\",\"@graph\":[{\"@type\":\"Article\",\"@id\":\"https:\/\/www.akeron.com\/tarko\/la-digitalizzazione-nel-settore-aec-il-punto-di-vista-di-manuel-vellutini-co-ceo-di-akeron\/#article\",\"isPartOf\":{\"@id\":\"https:\/\/www.akeron.com\/tarko\/la-digitalizzazione-nel-settore-aec-il-punto-di-vista-di-manuel-vellutini-co-ceo-di-akeron\/\"},\"author\":{\"name\":\"asiaravanelli\",\"@id\":\"https:\/\/www.akeron.com\/tarko\/#\/schema\/person\/891884cfebe45125661c8040768a0a7c\"},\"headline\":\"La digitalizzazione nel settore AEC: il punto di vista di Manuel Vellutini, co-CEO di Akeron.\u00a0\u00a0\",\"datePublished\":\"2024-04-11T12:47:34+00:00\",\"dateModified\":\"2024-07-09T15:41:31+00:00\",\"mainEntityOfPage\":{\"@id\":\"https:\/\/www.akeron.com\/tarko\/la-digitalizzazione-nel-settore-aec-il-punto-di-vista-di-manuel-vellutini-co-ceo-di-akeron\/\"},\"wordCount\":1008,\"commentCount\":0,\"publisher\":{\"@id\":\"https:\/\/www.akeron.com\/tarko\/#organization\"},\"keywords\":[\"Architettura &amp; Ingegneria\"],\"articleSection\":[\"Blog\",\"Non categorizzato\"],\"inLanguage\":\"it-IT\",\"potentialAction\":[{\"@type\":\"CommentAction\",\"name\":\"Comment\",\"target\":[\"https:\/\/www.akeron.com\/tarko\/la-digitalizzazione-nel-settore-aec-il-punto-di-vista-di-manuel-vellutini-co-ceo-di-akeron\/#respond\"]}]},{\"@type\":\"WebPage\",\"@id\":\"https:\/\/www.akeron.com\/tarko\/la-digitalizzazione-nel-settore-aec-il-punto-di-vista-di-manuel-vellutini-co-ceo-di-akeron\/\",\"url\":\"https:\/\/www.akeron.com\/tarko\/la-digitalizzazione-nel-settore-aec-il-punto-di-vista-di-manuel-vellutini-co-ceo-di-akeron\/\",\"name\":\"La digitalizzazione nel settore AEC: il punto di vista di Manuel Vellutini, co-CEO di Akeron.\u00a0\u00a0 - Tarko Software Platform\",\"isPartOf\":{\"@id\":\"https:\/\/www.akeron.com\/tarko\/#website\"},\"datePublished\":\"2024-04-11T12:47:34+00:00\",\"dateModified\":\"2024-07-09T15:41:31+00:00\",\"breadcrumb\":{\"@id\":\"https:\/\/www.akeron.com\/tarko\/la-digitalizzazione-nel-settore-aec-il-punto-di-vista-di-manuel-vellutini-co-ceo-di-akeron\/#breadcrumb\"},\"inLanguage\":\"it-IT\",\"potentialAction\":[{\"@type\":\"ReadAction\",\"target\":[\"https:\/\/www.akeron.com\/tarko\/la-digitalizzazione-nel-settore-aec-il-punto-di-vista-di-manuel-vellutini-co-ceo-di-akeron\/\"]}]},{\"@type\":\"BreadcrumbList\",\"@id\":\"https:\/\/www.akeron.com\/tarko\/la-digitalizzazione-nel-settore-aec-il-punto-di-vista-di-manuel-vellutini-co-ceo-di-akeron\/#breadcrumb\",\"itemListElement\":[{\"@type\":\"ListItem\",\"position\":1,\"name\":\"Home\",\"item\":\"https:\/\/www.akeron.com\/tarko\/\"},{\"@type\":\"ListItem\",\"position\":2,\"name\":\"La digitalizzazione nel settore AEC: il punto di vista di Manuel Vellutini, co-CEO di Akeron.\u00a0\u00a0\"}]},{\"@type\":\"WebSite\",\"@id\":\"https:\/\/www.akeron.com\/tarko\/#website\",\"url\":\"https:\/\/www.akeron.com\/tarko\/\",\"name\":\"Tarko Software Platform\",\"description\":\"Quando i progetti sono il cuore del tuo business\",\"publisher\":{\"@id\":\"https:\/\/www.akeron.com\/tarko\/#organization\"},\"potentialAction\":[{\"@type\":\"SearchAction\",\"target\":{\"@type\":\"EntryPoint\",\"urlTemplate\":\"https:\/\/www.akeron.com\/tarko\/?s={search_term_string}\"},\"query-input\":\"required name=search_term_string\"}],\"inLanguage\":\"it-IT\"},{\"@type\":\"Organization\",\"@id\":\"https:\/\/www.akeron.com\/tarko\/#organization\",\"name\":\"Tarko Software Platform\",\"url\":\"https:\/\/www.akeron.com\/tarko\/\",\"logo\":{\"@type\":\"ImageObject\",\"inLanguage\":\"it-IT\",\"@id\":\"https:\/\/www.akeron.com\/tarko\/#\/schema\/logo\/image\/\",\"url\":\"https:\/\/www.akeron.com\/tarko\/wp-content\/uploads\/sites\/3\/2023\/05\/LogoTarkoDef.svg\",\"contentUrl\":\"https:\/\/www.akeron.com\/tarko\/wp-content\/uploads\/sites\/3\/2023\/05\/LogoTarkoDef.svg\",\"caption\":\"Tarko Software Platform\"},\"image\":{\"@id\":\"https:\/\/www.akeron.com\/tarko\/#\/schema\/logo\/image\/\"}},{\"@type\":\"Person\",\"@id\":\"https:\/\/www.akeron.com\/tarko\/#\/schema\/person\/891884cfebe45125661c8040768a0a7c\",\"name\":\"asiaravanelli\",\"image\":{\"@type\":\"ImageObject\",\"inLanguage\":\"it-IT\",\"@id\":\"https:\/\/www.akeron.com\/tarko\/#\/schema\/person\/image\/\",\"url\":\"https:\/\/secure.gravatar.com\/avatar\/ada1a999900a1204ec964a998ecf610d?s=96&d=mm&r=g\",\"contentUrl\":\"https:\/\/secure.gravatar.com\/avatar\/ada1a999900a1204ec964a998ecf610d?s=96&d=mm&r=g\",\"caption\":\"asiaravanelli\"},\"url\":\"https:\/\/www.akeron.com\/tarko\/author\/asiaravanelli\/\"}]}<\/script>\n<!-- \/ Yoast SEO plugin. -->","yoast_head_json":{"title":"La digitalizzazione nel settore AEC: il punto di vista di Manuel Vellutini, co-CEO di Akeron.\u00a0\u00a0 - Tarko Software Platform","robots":{"index":"index","follow":"follow","max-snippet":"max-snippet:-1","max-image-preview":"max-image-preview:large","max-video-preview":"max-video-preview:-1"},"canonical":"https:\/\/www.akeron.com\/tarko\/la-digitalizzazione-nel-settore-aec-il-punto-di-vista-di-manuel-vellutini-co-ceo-di-akeron\/","og_locale":"it_IT","og_type":"article","og_title":"La digitalizzazione nel settore AEC: il punto di vista di Manuel Vellutini, co-CEO di Akeron.\u00a0\u00a0 - Tarko Software Platform","og_description":"Pubblicazione sul 7\u00b0 REPORT OICE SULLA DIGITALIZZAZIONE E SULLE GARE BIM 2023 L\u2019OICE \u00e8 l\u2019Associazione nazionale, aderente a Confindustria, che rappresenta le organizzazioni italiane di ingegneria, di architettura e di consulenza tecnico-economica. L\u2019associazione vuole essere un punto di riferimento e, soprattutto, di supporto a tutto il settore con la condivisione delle best-practice e la definizione [&hellip;]","og_url":"https:\/\/www.akeron.com\/tarko\/la-digitalizzazione-nel-settore-aec-il-punto-di-vista-di-manuel-vellutini-co-ceo-di-akeron\/","og_site_name":"Tarko Software Platform","article_published_time":"2024-04-11T12:47:34+00:00","article_modified_time":"2024-07-09T15:41:31+00:00","og_image":[{"width":1280,"height":720,"url":"https:\/\/www.akeron.com\/tarko\/wp-content\/uploads\/sites\/3\/2024\/04\/top_banner_Report_oice.png","type":"image\/png"}],"author":"asiaravanelli","twitter_card":"summary_large_image","twitter_misc":{"Scritto da":"asiaravanelli","Tempo di lettura stimato":"6 minuti"},"schema":{"@context":"https:\/\/schema.org","@graph":[{"@type":"Article","@id":"https:\/\/www.akeron.com\/tarko\/la-digitalizzazione-nel-settore-aec-il-punto-di-vista-di-manuel-vellutini-co-ceo-di-akeron\/#article","isPartOf":{"@id":"https:\/\/www.akeron.com\/tarko\/la-digitalizzazione-nel-settore-aec-il-punto-di-vista-di-manuel-vellutini-co-ceo-di-akeron\/"},"author":{"name":"asiaravanelli","@id":"https:\/\/www.akeron.com\/tarko\/#\/schema\/person\/891884cfebe45125661c8040768a0a7c"},"headline":"La digitalizzazione nel settore AEC: il punto di vista di Manuel Vellutini, co-CEO di Akeron.\u00a0\u00a0","datePublished":"2024-04-11T12:47:34+00:00","dateModified":"2024-07-09T15:41:31+00:00","mainEntityOfPage":{"@id":"https:\/\/www.akeron.com\/tarko\/la-digitalizzazione-nel-settore-aec-il-punto-di-vista-di-manuel-vellutini-co-ceo-di-akeron\/"},"wordCount":1008,"commentCount":0,"publisher":{"@id":"https:\/\/www.akeron.com\/tarko\/#organization"},"keywords":["Architettura &amp; Ingegneria"],"articleSection":["Blog","Non categorizzato"],"inLanguage":"it-IT","potentialAction":[{"@type":"CommentAction","name":"Comment","target":["https:\/\/www.akeron.com\/tarko\/la-digitalizzazione-nel-settore-aec-il-punto-di-vista-di-manuel-vellutini-co-ceo-di-akeron\/#respond"]}]},{"@type":"WebPage","@id":"https:\/\/www.akeron.com\/tarko\/la-digitalizzazione-nel-settore-aec-il-punto-di-vista-di-manuel-vellutini-co-ceo-di-akeron\/","url":"https:\/\/www.akeron.com\/tarko\/la-digitalizzazione-nel-settore-aec-il-punto-di-vista-di-manuel-vellutini-co-ceo-di-akeron\/","name":"La digitalizzazione nel settore AEC: il punto di vista di Manuel Vellutini, co-CEO di Akeron.\u00a0\u00a0 - Tarko Software Platform","isPartOf":{"@id":"https:\/\/www.akeron.com\/tarko\/#website"},"datePublished":"2024-04-11T12:47:34+00:00","dateModified":"2024-07-09T15:41:31+00:00","breadcrumb":{"@id":"https:\/\/www.akeron.com\/tarko\/la-digitalizzazione-nel-settore-aec-il-punto-di-vista-di-manuel-vellutini-co-ceo-di-akeron\/#breadcrumb"},"inLanguage":"it-IT","potentialAction":[{"@type":"ReadAction","target":["https:\/\/www.akeron.com\/tarko\/la-digitalizzazione-nel-settore-aec-il-punto-di-vista-di-manuel-vellutini-co-ceo-di-akeron\/"]}]},{"@type":"BreadcrumbList","@id":"https:\/\/www.akeron.com\/tarko\/la-digitalizzazione-nel-settore-aec-il-punto-di-vista-di-manuel-vellutini-co-ceo-di-akeron\/#breadcrumb","itemListElement":[{"@type":"ListItem","position":1,"name":"Home","item":"https:\/\/www.akeron.com\/tarko\/"},{"@type":"ListItem","position":2,"name":"La digitalizzazione nel settore AEC: il punto di vista di Manuel Vellutini, co-CEO di Akeron.\u00a0\u00a0"}]},{"@type":"WebSite","@id":"https:\/\/www.akeron.com\/tarko\/#website","url":"https:\/\/www.akeron.com\/tarko\/","name":"Tarko Software Platform","description":"Quando i progetti sono il cuore del tuo business","publisher":{"@id":"https:\/\/www.akeron.com\/tarko\/#organization"},"potentialAction":[{"@type":"SearchAction","target":{"@type":"EntryPoint","urlTemplate":"https:\/\/www.akeron.com\/tarko\/?s={search_term_string}"},"query-input":"required name=search_term_string"}],"inLanguage":"it-IT"},{"@type":"Organization","@id":"https:\/\/www.akeron.com\/tarko\/#organization","name":"Tarko Software Platform","url":"https:\/\/www.akeron.com\/tarko\/","logo":{"@type":"ImageObject","inLanguage":"it-IT","@id":"https:\/\/www.akeron.com\/tarko\/#\/schema\/logo\/image\/","url":"https:\/\/www.akeron.com\/tarko\/wp-content\/uploads\/sites\/3\/2023\/05\/LogoTarkoDef.svg","contentUrl":"https:\/\/www.akeron.com\/tarko\/wp-content\/uploads\/sites\/3\/2023\/05\/LogoTarkoDef.svg","caption":"Tarko Software Platform"},"image":{"@id":"https:\/\/www.akeron.com\/tarko\/#\/schema\/logo\/image\/"}},{"@type":"Person","@id":"https:\/\/www.akeron.com\/tarko\/#\/schema\/person\/891884cfebe45125661c8040768a0a7c","name":"asiaravanelli","image":{"@type":"ImageObject","inLanguage":"it-IT","@id":"https:\/\/www.akeron.com\/tarko\/#\/schema\/person\/image\/","url":"https:\/\/secure.gravatar.com\/avatar\/ada1a999900a1204ec964a998ecf610d?s=96&d=mm&r=g","contentUrl":"https:\/\/secure.gravatar.com\/avatar\/ada1a999900a1204ec964a998ecf610d?s=96&d=mm&r=g","caption":"asiaravanelli"},"url":"https:\/\/www.akeron.com\/tarko\/author\/asiaravanelli\/"}]}},"_links":{"self":[{"href":"https:\/\/www.akeron.com\/tarko\/wp-json\/wp\/v2\/posts\/88368"}],"collection":[{"href":"https:\/\/www.akeron.com\/tarko\/wp-json\/wp\/v2\/posts"}],"about":[{"href":"https:\/\/www.akeron.com\/tarko\/wp-json\/wp\/v2\/types\/post"}],"author":[{"embeddable":true,"href":"https:\/\/www.akeron.com\/tarko\/wp-json\/wp\/v2\/users\/6"}],"replies":[{"embeddable":true,"href":"https:\/\/www.akeron.com\/tarko\/wp-json\/wp\/v2\/comments?post=88368"}],"version-history":[{"count":7,"href":"https:\/\/www.akeron.com\/tarko\/wp-json\/wp\/v2\/posts\/88368\/revisions"}],"predecessor-version":[{"id":88378,"href":"https:\/\/www.akeron.com\/tarko\/wp-json\/wp\/v2\/posts\/88368\/revisions\/88378"}],"wp:featuredmedia":[{"embeddable":true,"href":"https:\/\/www.akeron.com\/tarko\/wp-json\/wp\/v2\/media\/88373"}],"wp:attachment":[{"href":"https:\/\/www.akeron.com\/tarko\/wp-json\/wp\/v2\/media?parent=88368"}],"wp:term":[{"taxonomy":"category","embeddable":true,"href":"https:\/\/www.akeron.com\/tarko\/wp-json\/wp\/v2\/categories?post=88368"},{"taxonomy":"post_tag","embeddable":true,"href":"https:\/\/www.akeron.com\/tarko\/wp-json\/wp\/v2\/tags?post=88368"},{"taxonomy":"post_folder","embeddable":true,"href":"https:\/\/www.akeron.com\/tarko\/wp-json\/wp\/v2\/post_folder?post=88368"}],"curies":[{"name":"wp","href":"https:\/\/api.w.org\/{rel}","templated":true}]}}